{"id":8483,"date":"2023-12-04T16:12:00","date_gmt":"2023-12-04T21:12:00","guid":{"rendered":"https:\/\/crgm.ca\/?p=8483"},"modified":"2023-12-04T16:12:00","modified_gmt":"2023-12-04T21:12:00","slug":"tribute-to-yves-millette","status":"publish","type":"post","link":"https:\/\/crgm.ca\/en\/tribute-to-yves-millette\/","title":{"rendered":"Tribute to Yves Millette"},"content":{"rendered":"<p>The Information and Referral Center of Greater Montr\u00e9al pays tribute to Yves Millette, who passed away on October 31st, 2023. Yves Millette sat on the IRCGM board of directors since the end of the 1980&#8217;s. He became Board President in 1995. He then held various positions within the board as well as that of administrator until his death. He has also been a member of the <a href=\"https:\/\/crgm.ca\/en\/fondation\/mission-of-the-crgm-foundation\/\">Foundation board of directors<\/a>. Mr. Millette dedicated almost thirty years to the Information and Referral Center of Greater Montr\u00e9al. Involved and generous with his time, Mr. Millette participated in the development of many strategic plans and was proud to witness the Center&#8217;s evolution.<\/p>\n<p>&#8221; Yves had a lot of admiration for the work accomplished by the Center&#8217;s team to help vulnerable people find the services they need for their basic needs. He devoted many years with enthusiasm and determination. &#8221; stated Monique Talbot, Yves Millette&#8217;s wife.<\/p>\n<p>&#8221; The Information and Referral Center of Greater Montr\u00e9al team and especially that of the board of directors is saddened by Yves Millette&#8217;s passing. We would like to highlight his commitment and attachment to the Center and its services. Our sincere condolences to his family and loved ones. &#8221; Pierre Emmanuel Paradis, Economist and <a href=\"https:\/\/appeco.ca\/en\/\">AppEco<\/a> President and President of the IRCGM Board of Directors.<\/p>\n<p>&#8221; In the name of my colleagues in the Foundation Board, I extent my condolences to his family and loved ones. For many years, Yves was a respected and appreciated collaborator by all that knew him in our organization. His relevant advice will be missed. &#8221; Andr\u00e9 Meloche, President of the Foundation Board of Directors.<\/p>\n<p>&nbsp;<\/p>\n","protected":false},"excerpt":{"rendered":"<p>The Information and Referral Center of Greater Montr\u00e9al pays tribute to Yves Millette, who passed away on October 31st, 2023. Yves Millette sat on the IRCGM board of directors since the end of the 1980&#8217;s. He became Board President in 1995. He then held various positions within the board as well as that of administrator<br \/><a href=\"https:\/\/crgm.ca\/en\/tribute-to-yves-millette\/\" class=\"more\">Read more<\/a><\/p>\n","protected":false},"author":5,"featured_media":8482,"comment_status":"closed","ping_status":"closed","sticky":false,"template":"","format":"standard","meta":{"footnotes":""},"categories":[100],"tags":[],"class_list":["post-8483","post","type-post","status-publish","format-standard","has-post-thumbnail","hentry","category-news"],"yoast_head":"<!-- This site is optimized with the Yoast SEO Premium plugin v24.8 (Yoast SEO v26.0) - https:\/\/yoast.com\/wordpress\/plugins\/seo\/ -->\n<title>Tribute to Yves Millette - Centre de R\u00e9f\u00e9rence du Grand Montr\u00e9al<\/title>\n<meta name=\"description\" content=\"The Information and Referral Center of Greater Montr\u00e9al pays tribute to Yves Millette, who passed away on October 31st, 2023.\" \/>\n<meta name=\"robots\" content=\"index, follow, max-snippet:-1, max-image-preview:large, max-video-preview:-1\" \/>\n<link rel=\"canonical\" href=\"https:\/\/crgm.ca\/en\/tribute-to-yves-millette\/\" \/>\n<meta property=\"og:locale\" content=\"en_US\" \/>\n<meta property=\"og:type\" content=\"article\" \/>\n<meta property=\"og:title\" content=\"Tribute to Yves Millette\" \/>\n<meta property=\"og:description\" content=\"The Information and Referral Center of Greater Montr\u00e9al pays tribute to Yves Millette, who passed away on October 31st, 2023.\" \/>\n<meta property=\"og:url\" content=\"https:\/\/crgm.ca\/en\/tribute-to-yves-millette\/\" \/>\n<meta property=\"og:site_name\" content=\"Centre de R\u00e9f\u00e9rence du Grand Montr\u00e9al\" \/>\n<meta property=\"article:published_time\" content=\"2023-12-04T21:12:00+00:00\" \/>\n<meta property=\"og:image\" content=\"https:\/\/crgm.ca\/wp-content\/uploads\/2023\/12\/Yves-millette.jpg\" \/>\n\t<meta property=\"og:image:width\" content=\"1000\" \/>\n\t<meta property=\"og:image:height\" content=\"1000\" \/>\n\t<meta property=\"og:image:type\" content=\"image\/jpeg\" \/>\n<meta name=\"author\" content=\"Lucie Kechichian\" \/>\n<meta name=\"twitter:card\" content=\"summary_large_image\" \/>\n<meta name=\"twitter:label1\" content=\"Written by\" \/>\n\t<meta name=\"twitter:data1\" content=\"Lucie Kechichian\" \/>\n\t<meta name=\"twitter:label2\" content=\"Est. reading time\" \/>\n\t<meta name=\"twitter:data2\" content=\"2 minutes\" \/>\n<script type=\"application\/ld+json\" class=\"yoast-schema-graph\">{\"@context\":\"https:\/\/schema.org\",\"@graph\":[{\"@type\":\"WebPage\",\"@id\":\"https:\/\/crgm.ca\/en\/tribute-to-yves-millette\/\",\"url\":\"https:\/\/crgm.ca\/en\/tribute-to-yves-millette\/\",\"name\":\"Tribute to Yves Millette - Centre de R\u00e9f\u00e9rence du Grand Montr\u00e9al\",\"isPartOf\":{\"@id\":\"https:\/\/crgm.ca\/en\/#website\"},\"primaryImageOfPage\":{\"@id\":\"https:\/\/crgm.ca\/en\/tribute-to-yves-millette\/#primaryimage\"},\"image\":{\"@id\":\"https:\/\/crgm.ca\/en\/tribute-to-yves-millette\/#primaryimage\"},\"thumbnailUrl\":\"https:\/\/crgm.ca\/wp-content\/uploads\/2023\/12\/Yves-millette.jpg\",\"datePublished\":\"2023-12-04T21:12:00+00:00\",\"author\":{\"@id\":\"https:\/\/crgm.ca\/en\/#\/schema\/person\/f15e4e453ed5f184fadea4374b8707f3\"},\"description\":\"The Information and Referral Center of Greater Montr\u00e9al pays tribute to Yves Millette, who passed away on October 31st, 2023.\",\"breadcrumb\":{\"@id\":\"https:\/\/crgm.ca\/en\/tribute-to-yves-millette\/#breadcrumb\"},\"inLanguage\":\"en-US\",\"potentialAction\":[{\"@type\":\"ReadAction\",\"target\":[\"https:\/\/crgm.ca\/en\/tribute-to-yves-millette\/\"]}]},{\"@type\":\"ImageObject\",\"inLanguage\":\"en-US\",\"@id\":\"https:\/\/crgm.ca\/en\/tribute-to-yves-millette\/#primaryimage\",\"url\":\"https:\/\/crgm.ca\/wp-content\/uploads\/2023\/12\/Yves-millette.jpg\",\"contentUrl\":\"https:\/\/crgm.ca\/wp-content\/uploads\/2023\/12\/Yves-millette.jpg\",\"width\":1000,\"height\":1000,\"caption\":\"Yves Millette\"},{\"@type\":\"BreadcrumbList\",\"@id\":\"https:\/\/crgm.ca\/en\/tribute-to-yves-millette\/#breadcrumb\",\"itemListElement\":[{\"@type\":\"ListItem\",\"position\":1,\"name\":\"Home\",\"item\":\"https:\/\/crgm.ca\/en\/home\/\"},{\"@type\":\"ListItem\",\"position\":2,\"name\":\"Tribute to Yves Millette\"}]},{\"@type\":\"WebSite\",\"@id\":\"https:\/\/crgm.ca\/en\/#website\",\"url\":\"https:\/\/crgm.ca\/en\/\",\"name\":\"Centre de R\u00e9f\u00e9rence du Grand Montr\u00e9al\",\"description\":\"Informer pour aider.\",\"potentialAction\":[{\"@type\":\"SearchAction\",\"target\":{\"@type\":\"EntryPoint\",\"urlTemplate\":\"https:\/\/crgm.ca\/en\/?s={search_term_string}\"},\"query-input\":{\"@type\":\"PropertyValueSpecification\",\"valueRequired\":true,\"valueName\":\"search_term_string\"}}],\"inLanguage\":\"en-US\"},{\"@type\":\"Person\",\"@id\":\"https:\/\/crgm.ca\/en\/#\/schema\/person\/f15e4e453ed5f184fadea4374b8707f3\",\"name\":\"Lucie Kechichian\",\"image\":{\"@type\":\"ImageObject\",\"inLanguage\":\"en-US\",\"@id\":\"https:\/\/crgm.ca\/en\/#\/schema\/person\/image\/\",\"url\":\"https:\/\/secure.gravatar.com\/avatar\/7076baca472c26d7d5d7bb460e5ca49cfa3958b8d70cd047db4e3d0ba6b0cadc?s=96&d=mm&r=g\",\"contentUrl\":\"https:\/\/secure.gravatar.com\/avatar\/7076baca472c26d7d5d7bb460e5ca49cfa3958b8d70cd047db4e3d0ba6b0cadc?s=96&d=mm&r=g\",\"caption\":\"Lucie Kechichian\"},\"url\":\"https:\/\/crgm.ca\/en\/author\/luciek\/\"}]}<\/script>\n<!-- \/ Yoast SEO Premium plugin. -->","yoast_head_json":{"title":"Tribute to Yves Millette - Centre de R\u00e9f\u00e9rence du Grand Montr\u00e9al","description":"The Information and Referral Center of Greater Montr\u00e9al pays tribute to Yves Millette, who passed away on October 31st, 2023.","robots":{"index":"index","follow":"follow","max-snippet":"max-snippet:-1","max-image-preview":"max-image-preview:large","max-video-preview":"max-video-preview:-1"},"canonical":"https:\/\/crgm.ca\/en\/tribute-to-yves-millette\/","og_locale":"en_US","og_type":"article","og_title":"Tribute to Yves Millette","og_description":"The Information and Referral Center of Greater Montr\u00e9al pays tribute to Yves Millette, who passed away on October 31st, 2023.","og_url":"https:\/\/crgm.ca\/en\/tribute-to-yves-millette\/","og_site_name":"Centre de R\u00e9f\u00e9rence du Grand Montr\u00e9al","article_published_time":"2023-12-04T21:12:00+00:00","og_image":[{"width":1000,"height":1000,"url":"https:\/\/crgm.ca\/wp-content\/uploads\/2023\/12\/Yves-millette.jpg","type":"image\/jpeg"}],"author":"Lucie Kechichian","twitter_card":"summary_large_image","twitter_misc":{"Written by":"Lucie Kechichian","Est. reading time":"2 minutes"},"schema":{"@context":"https:\/\/schema.org","@graph":[{"@type":"WebPage","@id":"https:\/\/crgm.ca\/en\/tribute-to-yves-millette\/","url":"https:\/\/crgm.ca\/en\/tribute-to-yves-millette\/","name":"Tribute to Yves Millette - Centre de R\u00e9f\u00e9rence du Grand Montr\u00e9al","isPartOf":{"@id":"https:\/\/crgm.ca\/en\/#website"},"primaryImageOfPage":{"@id":"https:\/\/crgm.ca\/en\/tribute-to-yves-millette\/#primaryimage"},"image":{"@id":"https:\/\/crgm.ca\/en\/tribute-to-yves-millette\/#primaryimage"},"thumbnailUrl":"https:\/\/crgm.ca\/wp-content\/uploads\/2023\/12\/Yves-millette.jpg","datePublished":"2023-12-04T21:12:00+00:00","author":{"@id":"https:\/\/crgm.ca\/en\/#\/schema\/person\/f15e4e453ed5f184fadea4374b8707f3"},"description":"The Information and Referral Center of Greater Montr\u00e9al pays tribute to Yves Millette, who passed away on October 31st, 2023.","breadcrumb":{"@id":"https:\/\/crgm.ca\/en\/tribute-to-yves-millette\/#breadcrumb"},"inLanguage":"en-US","potentialAction":[{"@type":"ReadAction","target":["https:\/\/crgm.ca\/en\/tribute-to-yves-millette\/"]}]},{"@type":"ImageObject","inLanguage":"en-US","@id":"https:\/\/crgm.ca\/en\/tribute-to-yves-millette\/#primaryimage","url":"https:\/\/crgm.ca\/wp-content\/uploads\/2023\/12\/Yves-millette.jpg","contentUrl":"https:\/\/crgm.ca\/wp-content\/uploads\/2023\/12\/Yves-millette.jpg","width":1000,"height":1000,"caption":"Yves Millette"},{"@type":"BreadcrumbList","@id":"https:\/\/crgm.ca\/en\/tribute-to-yves-millette\/#breadcrumb","itemListElement":[{"@type":"ListItem","position":1,"name":"Home","item":"https:\/\/crgm.ca\/en\/home\/"},{"@type":"ListItem","position":2,"name":"Tribute to Yves Millette"}]},{"@type":"WebSite","@id":"https:\/\/crgm.ca\/en\/#website","url":"https:\/\/crgm.ca\/en\/","name":"Centre de R\u00e9f\u00e9rence du Grand Montr\u00e9al","description":"Informer pour aider.","potentialAction":[{"@type":"SearchAction","target":{"@type":"EntryPoint","urlTemplate":"https:\/\/crgm.ca\/en\/?s={search_term_string}"},"query-input":{"@type":"PropertyValueSpecification","valueRequired":true,"valueName":"search_term_string"}}],"inLanguage":"en-US"},{"@type":"Person","@id":"https:\/\/crgm.ca\/en\/#\/schema\/person\/f15e4e453ed5f184fadea4374b8707f3","name":"Lucie Kechichian","image":{"@type":"ImageObject","inLanguage":"en-US","@id":"https:\/\/crgm.ca\/en\/#\/schema\/person\/image\/","url":"https:\/\/secure.gravatar.com\/avatar\/7076baca472c26d7d5d7bb460e5ca49cfa3958b8d70cd047db4e3d0ba6b0cadc?s=96&d=mm&r=g","contentUrl":"https:\/\/secure.gravatar.com\/avatar\/7076baca472c26d7d5d7bb460e5ca49cfa3958b8d70cd047db4e3d0ba6b0cadc?s=96&d=mm&r=g","caption":"Lucie Kechichian"},"url":"https:\/\/crgm.ca\/en\/author\/luciek\/"}]}},"_links":{"self":[{"href":"https:\/\/crgm.ca\/en\/wp-json\/wp\/v2\/posts\/8483","targetHints":{"allow":["GET"]}}],"collection":[{"href":"https:\/\/crgm.ca\/en\/wp-json\/wp\/v2\/posts"}],"about":[{"href":"https:\/\/crgm.ca\/en\/wp-json\/wp\/v2\/types\/post"}],"author":[{"embeddable":true,"href":"https:\/\/crgm.ca\/en\/wp-json\/wp\/v2\/users\/5"}],"replies":[{"embeddable":true,"href":"https:\/\/crgm.ca\/en\/wp-json\/wp\/v2\/comments?post=8483"}],"version-history":[{"count":1,"href":"https:\/\/crgm.ca\/en\/wp-json\/wp\/v2\/posts\/8483\/revisions"}],"predecessor-version":[{"id":8484,"href":"https:\/\/crgm.ca\/en\/wp-json\/wp\/v2\/posts\/8483\/revisions\/8484"}],"wp:featuredmedia":[{"embeddable":true,"href":"https:\/\/crgm.ca\/en\/wp-json\/wp\/v2\/media\/8482"}],"wp:attachment":[{"href":"https:\/\/crgm.ca\/en\/wp-json\/wp\/v2\/media?parent=8483"}],"wp:term":[{"taxonomy":"category","embeddable":true,"href":"https:\/\/crgm.ca\/en\/wp-json\/wp\/v2\/categories?post=8483"},{"taxonomy":"post_tag","embeddable":true,"href":"https:\/\/crgm.ca\/en\/wp-json\/wp\/v2\/tags?post=8483"}],"curies":[{"name":"wp","href":"https:\/\/api.w.org\/{rel}","templated":true}]}}